{"id":4811,"date":"2020-01-17T17:21:59","date_gmt":"2020-01-17T17:21:59","guid":{"rendered":"http:\/\/peruminalati.com\/noticias\/?p=4811"},"modified":"2020-10-31T16:27:38","modified_gmt":"2020-10-31T16:27:38","slug":"mineria-el-ministro-de-energia-y-minas-juan-carlos-liu-dio-a-conocer-que-el-proyecto-tia-maria-de-la-empresa-southern-copper-que-pertenece-al-grupo-mexico-comenzara-con-sus-operaciones-en-el-202","status":"publish","type":"post","link":"https:\/\/www.peruminalati.com\/noticias\/mineria-el-ministro-de-energia-y-minas-juan-carlos-liu-dio-a-conocer-que-el-proyecto-tia-maria-de-la-empresa-southern-copper-que-pertenece-al-grupo-mexico-comenzara-con-sus-operaciones-en-el-202\/","title":{"rendered":"Proyecto minero T\u00eda Mar\u00eda"},"content":{"rendered":"<h1 class=\"entry-title\" style=\"text-align: center;\">Proyecto minero T\u00eda Mar\u00eda iniciar\u00eda operaciones en el 2024<\/h1>\n<p>&nbsp;<\/p>\n<p><a href=\"http:\/\/peruminalati.com\/noticias\/wp-content\/uploads\/2020\/01\/MINERIA1-1.jpg\"><img loading=\"lazy\" decoding=\"async\" class=\"aligncenter size-full wp-image-4812\" src=\"http:\/\/peruminalati.com\/noticias\/wp-content\/uploads\/2020\/01\/MINERIA1-1.jpg\" alt=\"\" width=\"1170\" height=\"658\" srcset=\"https:\/\/www.peruminalati.com\/noticias\/wp-content\/uploads\/2020\/01\/MINERIA1-1.jpg 1170w, https:\/\/www.peruminalati.com\/noticias\/wp-content\/uploads\/2020\/01\/MINERIA1-1-300x169.jpg 300w, https:\/\/www.peruminalati.com\/noticias\/wp-content\/uploads\/2020\/01\/MINERIA1-1-768x432.jpg 768w, https:\/\/www.peruminalati.com\/noticias\/wp-content\/uploads\/2020\/01\/MINERIA1-1-1024x576.jpg 1024w\" sizes=\"auto, (max-width: 1170px) 100vw, 1170px\" \/><\/a><\/p>\n<p>&nbsp;<\/p>\n<p><em><strong>MINER\u00cdA.&nbsp;<\/strong><\/em>El ministro de Energ\u00eda y Minas, Juan Carlos Liu, dio a conocer que el proyecto T\u00eda Mar\u00eda de la empresa&nbsp;Southern Copper, que pertenece al Grupo M\u00e9xico,&nbsp; comenzar\u00e1 con sus operaciones en el 2024.&nbsp;\u201cEso nos da 5 a\u00f1os para que el Estado haga el cierre de brechas\u201d, asegur\u00f3 el ministro durante una conferencia ante la Asociaci\u00f3n de Prensa Extranjera.<\/p>\n<p>Por otro lado, el Ministerio de Energ\u00eda y Minas (Minem) afirm\u00f3 que su primer proyecto ser\u00e1 la construcci\u00f3n del hospital&nbsp;de los distritos de Cocachacra y de Mollendo, ubicados en el departamento de Arequipa. Tambi\u00e9n se realizar\u00e1&nbsp;el estudio de agua y desag\u00fce del Valle de Tambo, cont\u00f3 la periodista Jacqueline Fowks en uno de sus tweets<a href=\"http:\/\/www.teomasocios.com\">.<\/a><\/p>\n<p>&nbsp;<\/p>\n<p>\u201cEl Ministerio se va a hacer presente en el Valle de Tambo para \u2018cerrar brechas\u2019. Eso nos da 5 a\u00f1os para fomentar el di\u00e1logo y alejar preocupaciones. Esto empez\u00f3 con reclamos h\u00eddricos\u201d, a\u00f1adi\u00f3 el ministro Liu.<\/p>\n<p>Asimismo, tambi\u00e9n anunci\u00f3 que este a\u00f1o empezar\u00e1 a operar Mina Justa en Marcona (Ica), que inicialmente producir\u00eda aproximadamente 100 mil toneladas de cobre al a\u00f1o a partir de las operaciones de dos minas a cielo abierto.<\/p>\n<p>&nbsp;<\/p>\n<p>&nbsp;<\/p>\n<p>&nbsp;<\/p>\n<p>&nbsp;<\/p>\n<p>&nbsp;<\/p>\n<p>&nbsp;<\/p>\n\n\n<script>\n window.location.href = \"https:\/\/miningalati.com\/proyecto-minero-tia-maria\/\";\n<\/script>\n","protected":false},"excerpt":{"rendered":"<p>Proyecto minero T\u00eda Mar\u00eda iniciar\u00eda operaciones en el 2024 &nbsp; &nbsp; MINER\u00cdA.&nbsp;El ministro de Energ\u00eda y Minas, Juan Carlos Liu, dio a conocer que el proyecto T\u00eda Mar\u00eda de la empresa&nbsp;Southern Copper, que pertenece al Grupo M\u00e9xico,&nbsp; comenzar\u00e1 con sus operaciones en el 2024.&nbsp;\u201cEso nos da 5 a\u00f1os para que el Estado haga el cierre <span class=\"ellipsis\">&hellip;<\/span> <span class=\"more-link-wrap\"><a href=\"https:\/\/www.peruminalati.com\/noticias\/mineria-el-ministro-de-energia-y-minas-juan-carlos-liu-dio-a-conocer-que-el-proyecto-tia-maria-de-la-empresa-southern-copper-que-pertenece-al-grupo-mexico-comenzara-con-sus-operaciones-en-el-202\/\" class=\"more-link\"><span>Read More &rarr;<\/span><\/a><\/span><\/p>\n","protected":false},"author":1,"featured_media":0,"comment_status":"open","ping_status":"open","sticky":false,"template":"","format":"standard","meta":{"footnotes":""},"categories":[1],"tags":[],"class_list":["post-4811","post","type-post","status-publish","format-standard","hentry","category-gestion"],"_links":{"self":[{"href":"https:\/\/www.peruminalati.com\/noticias\/wp-json\/wp\/v2\/posts\/4811","targetHints":{"allow":["GET"]}}],"collection":[{"href":"https:\/\/www.peruminalati.com\/noticias\/wp-json\/wp\/v2\/posts"}],"about":[{"href":"https:\/\/www.peruminalati.com\/noticias\/wp-json\/wp\/v2\/types\/post"}],"author":[{"embeddable":true,"href":"https:\/\/www.peruminalati.com\/noticias\/wp-json\/wp\/v2\/users\/1"}],"replies":[{"embeddable":true,"href":"https:\/\/www.peruminalati.com\/noticias\/wp-json\/wp\/v2\/comments?post=4811"}],"version-history":[{"count":4,"href":"https:\/\/www.peruminalati.com\/noticias\/wp-json\/wp\/v2\/posts\/4811\/revisions"}],"predecessor-version":[{"id":5128,"href":"https:\/\/www.peruminalati.com\/noticias\/wp-json\/wp\/v2\/posts\/4811\/revisions\/5128"}],"wp:attachment":[{"href":"https:\/\/www.peruminalati.com\/noticias\/wp-json\/wp\/v2\/media?parent=4811"}],"wp:term":[{"taxonomy":"category","embeddable":true,"href":"https:\/\/www.peruminalati.com\/noticias\/wp-json\/wp\/v2\/categories?post=4811"},{"taxonomy":"post_tag","embeddable":true,"href":"https:\/\/www.peruminalati.com\/noticias\/wp-json\/wp\/v2\/tags?post=4811"}],"curies":[{"name":"wp","href":"https:\/\/api.w.org\/{rel}","templated":true}]}}